{"id":2117,"date":"2018-11-01T14:02:49","date_gmt":"2018-11-01T13:02:49","guid":{"rendered":"https:\/\/www.stlo.unicaen.fr\/mmi\/?p=2117"},"modified":"2018-11-01T14:02:49","modified_gmt":"2018-11-01T13:02:49","slug":"remise-des-diplomes-2018","status":"publish","type":"post","link":"https:\/\/www.stlo.unicaen.fr\/mmi\/remise-des-diplomes-2018\/","title":{"rendered":"Remise des dipl\u00f4mes 2018"},"content":{"rendered":"<p>La c\u00e9r\u00e9monie de remise des dipl\u00f4mes MMI, parrain\u00e9e par Catherine Cousin (Directrice de la communication, Conseil G\u00e9n\u00e9ral de la Manche), se d\u00e9roulera le 30 novembre \u00e0 Saint-L\u00f4 selon le programme suivant :<br \/>\n&#8211; 16h-18h : Tables rondes \/ conf\u00e9rences d&rsquo;anciens dipl\u00f4m\u00e9s autour du parcours post-DUT.<br \/>\n&#8211; 18h30 : C\u00e9r\u00e9monie de remise de dipl\u00f4mes suivie d&rsquo;un cocktail.<\/p>\n<figure id=\"attachment_2118\" aria-describedby=\"caption-attachment-2118\" style=\"width: 300px\" class=\"wp-caption aligncenter\"><img loading=\"lazy\" class=\"size-medium wp-image-2118\" src=\"https:\/\/www.stlo.unicaen.fr\/mmi\/wp-content\/uploads\/2018\/11\/45029921_2199779663379348_4938411138481127424_n-300x300.jpg\" alt=\"Remise des dipl\u00f4mes 2018\" width=\"300\" height=\"300\" srcset=\"https:\/\/www.stlo.unicaen.fr\/mmi\/wp-content\/uploads\/2018\/11\/45029921_2199779663379348_4938411138481127424_n-300x300.jpg 300w, https:\/\/www.stlo.unicaen.fr\/mmi\/wp-content\/uploads\/2018\/11\/45029921_2199779663379348_4938411138481127424_n-150x150.jpg 150w, https:\/\/www.stlo.unicaen.fr\/mmi\/wp-content\/uploads\/2018\/11\/45029921_2199779663379348_4938411138481127424_n-768x768.jpg 768w, https:\/\/www.stlo.unicaen.fr\/mmi\/wp-content\/uploads\/2018\/11\/45029921_2199779663379348_4938411138481127424_n-830x830.jpg 830w, https:\/\/www.stlo.unicaen.fr\/mmi\/wp-content\/uploads\/2018\/11\/45029921_2199779663379348_4938411138481127424_n-230x230.jpg 230w, https:\/\/www.stlo.unicaen.fr\/mmi\/wp-content\/uploads\/2018\/11\/45029921_2199779663379348_4938411138481127424_n-350x350.jpg 350w, https:\/\/www.stlo.unicaen.fr\/mmi\/wp-content\/uploads\/2018\/11\/45029921_2199779663379348_4938411138481127424_n-480x480.jpg 480w, https:\/\/www.stlo.unicaen.fr\/mmi\/wp-content\/uploads\/2018\/11\/45029921_2199779663379348_4938411138481127424_n.jpg 960w\" sizes=\"(max-width: 300px) 100vw, 300px\" \/><figcaption id=\"caption-attachment-2118\" class=\"wp-caption-text\">Remise des dipl\u00f4mes 2018<\/figcaption><\/figure>\n","protected":false},"excerpt":{"rendered":"<p>La c\u00e9r\u00e9monie de remise des dipl\u00f4mes MMI, parrain\u00e9e par Catherine Cousin (Directrice de la communication, Conseil G\u00e9n\u00e9ral de la Manche), se d\u00e9roulera le 30 novembre \u00e0 Saint-L\u00f4 selon le programme suivant : &#8211; 16h-18h : Tables rondes \/ conf\u00e9rences d&rsquo;anciens dipl\u00f4m\u00e9s autour du parcours post-DUT. &#8211; 18h30 : C\u00e9r\u00e9monie de remise de dipl\u00f4mes suivie d&rsquo;un [&hellip;]<\/p>\n","protected":false},"author":1,"featured_media":0,"comment_status":"closed","ping_status":"closed","sticky":false,"template":"","format":"standard","meta":[],"categories":[1],"tags":[],"_links":{"self":[{"href":"https:\/\/www.stlo.unicaen.fr\/mmi\/wp-json\/wp\/v2\/posts\/2117"}],"collection":[{"href":"https:\/\/www.stlo.unicaen.fr\/mmi\/wp-json\/wp\/v2\/posts"}],"about":[{"href":"https:\/\/www.stlo.unicaen.fr\/mmi\/wp-json\/wp\/v2\/types\/post"}],"author":[{"embeddable":true,"href":"https:\/\/www.stlo.unicaen.fr\/mmi\/wp-json\/wp\/v2\/users\/1"}],"replies":[{"embeddable":true,"href":"https:\/\/www.stlo.unicaen.fr\/mmi\/wp-json\/wp\/v2\/comments?post=2117"}],"version-history":[{"count":1,"href":"https:\/\/www.stlo.unicaen.fr\/mmi\/wp-json\/wp\/v2\/posts\/2117\/revisions"}],"predecessor-version":[{"id":2119,"href":"https:\/\/www.stlo.unicaen.fr\/mmi\/wp-json\/wp\/v2\/posts\/2117\/revisions\/2119"}],"wp:attachment":[{"href":"https:\/\/www.stlo.unicaen.fr\/mmi\/wp-json\/wp\/v2\/media?parent=2117"}],"wp:term":[{"taxonomy":"category","embeddable":true,"href":"https:\/\/www.stlo.unicaen.fr\/mmi\/wp-json\/wp\/v2\/categories?post=2117"},{"taxonomy":"post_tag","embeddable":true,"href":"https:\/\/www.stlo.unicaen.fr\/mmi\/wp-json\/wp\/v2\/tags?post=2117"}],"curies":[{"name":"wp","href":"https:\/\/api.w.org\/{rel}","templated":true}]}}